{"id":1423,"date":"2022-07-05T14:18:15","date_gmt":"2022-07-05T12:18:15","guid":{"rendered":"https:\/\/mz-bau.zaft-dresden.de\/?p=1423"},"modified":"2023-12-29T19:57:53","modified_gmt":"2023-12-29T18:57:53","slug":"profilierung-die-schueler-de-bsz-meissen-radebeul-unterwegs-auf-dresdener-baustellen","status":"publish","type":"post","link":"https:\/\/mz-bau.zaft-dresden.de\/index.php\/2022\/07\/05\/profilierung-die-schueler-de-bsz-meissen-radebeul-unterwegs-auf-dresdener-baustellen\/","title":{"rendered":"Profilierung &#8211; die Sch\u00fcler des BSZ Mei\u00dfen-Radebeul unterwegs auf Dresdener Baustellen"},"content":{"rendered":"<p>Durch unsere Kooperation mit dem Berufsschulzentrum Mei\u00dfen-Radebeul unterst\u00fctzen wir das technische Profil mit der Organisation von Veranstaltungen mit Bezug zum Bauen.<\/p>\n<p><!--more--><\/p>\n<p>Nach der 12. Klasse, die uns mit Herrn Dietz Anfang Juni besuchte, war am 04. Juli die 11. Klasse des BSZ Mei\u00dfen-Radebeul in der HTW. Die jungen Leute bereiten sich auf den Leistungskurs Bautechnik f\u00fcr die Klassenstufen 12 und 13 vor. Um ihnen vorab zu zeigen, welche M\u00f6glichkeiten sie haben, besprach Prof. Engel mit den jungen Damen und Herren das Feld des Ingenieurstudiums.<\/p>\n<div id='gallery-1' class='gallery galleryid-1423 gallery-columns-2 gallery-size-medium'><figure class='gallery-item'>\n\t\t\t<div class='gallery-icon landscape'>\n\t\t\t\t<img decoding=\"async\" width=\"300\" height=\"225\" data-src=\"https:\/\/mz-bau.zaft-dresden.de\/wp-content\/uploads\/2022\/07\/1_IMG_7572-300x225.jpg\" class=\"attachment-medium size-medium no-lazy lazyload\" alt=\"\" data-srcset=\"https:\/\/mz-bau.zaft-dresden.de\/wp-content\/uploads\/2022\/07\/1_IMG_7572-300x225.jpg 300w, https:\/\/mz-bau.zaft-dresden.de\/wp-content\/uploads\/2022\/07\/1_IMG_7572-1024x768.jpg 1024w, https:\/\/mz-bau.zaft-dresden.de\/wp-content\/uploads\/2022\/07\/1_IMG_7572-768x576.jpg 768w, https:\/\/mz-bau.zaft-dresden.de\/wp-content\/uploads\/2022\/07\/1_IMG_7572.jpg 1100w\" data-sizes=\"100vw\" src=\"data:image\/gif;base64,R0lGODlhAQABAAAAACH5BAEKAAEALAAAAAABAAEAAAICTAEAOw==\" style=\"--smush-placeholder-width: 300px; --smush-placeholder-aspect-ratio: 300\/225;\" \/>\n\t\t\t<\/div><\/figure><figure class='gallery-item'>\n\t\t\t<div class='gallery-icon landscape'>\n\t\t\t\t<img decoding=\"async\" width=\"300\" height=\"225\" data-src=\"https:\/\/mz-bau.zaft-dresden.de\/wp-content\/uploads\/2022\/07\/2_IMG_7576-300x225.png\" class=\"attachment-medium size-medium no-lazy lazyload\" alt=\"\" data-srcset=\"https:\/\/mz-bau.zaft-dresden.de\/wp-content\/uploads\/2022\/07\/2_IMG_7576-300x225.png 300w, https:\/\/mz-bau.zaft-dresden.de\/wp-content\/uploads\/2022\/07\/2_IMG_7576-1024x768.png 1024w, https:\/\/mz-bau.zaft-dresden.de\/wp-content\/uploads\/2022\/07\/2_IMG_7576-768x576.png 768w, https:\/\/mz-bau.zaft-dresden.de\/wp-content\/uploads\/2022\/07\/2_IMG_7576.png 1100w\" data-sizes=\"100vw\" src=\"data:image\/gif;base64,R0lGODlhAQABAAAAACH5BAEKAAEALAAAAAABAAEAAAICTAEAOw==\" style=\"--smush-placeholder-width: 300px; --smush-placeholder-aspect-ratio: 300\/225;\" \/>\n\t\t\t<\/div><\/figure><figure class='gallery-item'>\n\t\t\t<div class='gallery-icon landscape'>\n\t\t\t\t<img decoding=\"async\" width=\"300\" height=\"225\" data-src=\"https:\/\/mz-bau.zaft-dresden.de\/wp-content\/uploads\/2022\/07\/4_IMG_7587-300x225.png\" class=\"attachment-medium size-medium no-lazy lazyload\" alt=\"\" data-srcset=\"https:\/\/mz-bau.zaft-dresden.de\/wp-content\/uploads\/2022\/07\/4_IMG_7587-300x225.png 300w, https:\/\/mz-bau.zaft-dresden.de\/wp-content\/uploads\/2022\/07\/4_IMG_7587-1024x768.png 1024w, https:\/\/mz-bau.zaft-dresden.de\/wp-content\/uploads\/2022\/07\/4_IMG_7587-768x576.png 768w, https:\/\/mz-bau.zaft-dresden.de\/wp-content\/uploads\/2022\/07\/4_IMG_7587.png 1100w\" data-sizes=\"100vw\" src=\"data:image\/gif;base64,R0lGODlhAQABAAAAACH5BAEKAAEALAAAAAABAAEAAAICTAEAOw==\" style=\"--smush-placeholder-width: 300px; --smush-placeholder-aspect-ratio: 300\/225;\" \/>\n\t\t\t<\/div><\/figure><figure class='gallery-item'>\n\t\t\t<div class='gallery-icon landscape'>\n\t\t\t\t<img decoding=\"async\" width=\"300\" height=\"225\" data-src=\"https:\/\/mz-bau.zaft-dresden.de\/wp-content\/uploads\/2022\/07\/3_IMG_7582-300x225.png\" class=\"attachment-medium size-medium no-lazy lazyload\" alt=\"\" data-srcset=\"https:\/\/mz-bau.zaft-dresden.de\/wp-content\/uploads\/2022\/07\/3_IMG_7582-300x225.png 300w, https:\/\/mz-bau.zaft-dresden.de\/wp-content\/uploads\/2022\/07\/3_IMG_7582-1024x768.png 1024w, https:\/\/mz-bau.zaft-dresden.de\/wp-content\/uploads\/2022\/07\/3_IMG_7582-768x576.png 768w, https:\/\/mz-bau.zaft-dresden.de\/wp-content\/uploads\/2022\/07\/3_IMG_7582.png 1100w\" data-sizes=\"100vw\" src=\"data:image\/gif;base64,R0lGODlhAQABAAAAACH5BAEKAAEALAAAAAABAAEAAAICTAEAOw==\" style=\"--smush-placeholder-width: 300px; --smush-placeholder-aspect-ratio: 300\/225;\" \/>\n\t\t\t<\/div><\/figure>\n\t\t<\/div>\n\n<p>&nbsp;<\/p>\n<p>Im Anschluss stellte Frau Engel als Vertreterin des Staatsbetrieb S\u00e4chsisches Immobilien- und Baumanagement (SIB) die Planung und bisherige Umsetzung des Bautechnikums (U-Geb\u00e4ude) vor, dem architektonischen Neuzugang des HTW-Campus. Mit ausreichenden Sicherheitsma\u00dfnahmen wurden die Sch\u00fcler auch \u00fcber die Baustelle gef\u00fchrt und ihnen vor Ort an konkreten Beispielen die Umsetzung der Planung gezeigt.<\/p>\n<p>&nbsp;<\/p>\n<figure id=\"attachment_1437\" aria-describedby=\"caption-attachment-1437\" style=\"width: 525px\" class=\"wp-caption alignnone\"><img decoding=\"async\" class=\"wp-image-1437 size-large lazyload\" data-src=\"https:\/\/mz-bau.zaft-dresden.de\/wp-content\/uploads\/2022\/07\/8_IMG_7618-1024x277.png\" alt=\"\" width=\"525\" height=\"142\" data-srcset=\"https:\/\/mz-bau.zaft-dresden.de\/wp-content\/uploads\/2022\/07\/8_IMG_7618-1024x277.png 1024w, https:\/\/mz-bau.zaft-dresden.de\/wp-content\/uploads\/2022\/07\/8_IMG_7618-300x81.png 300w, https:\/\/mz-bau.zaft-dresden.de\/wp-content\/uploads\/2022\/07\/8_IMG_7618-768x208.png 768w, https:\/\/mz-bau.zaft-dresden.de\/wp-content\/uploads\/2022\/07\/8_IMG_7618.png 1200w\" data-sizes=\"(max-width: 525px) 100vw, 525px\" src=\"data:image\/gif;base64,R0lGODlhAQABAAAAACH5BAEKAAEALAAAAAABAAEAAAICTAEAOw==\" style=\"--smush-placeholder-width: 525px; --smush-placeholder-aspect-ratio: 525\/142;\" \/><figcaption id=\"caption-attachment-1437\" class=\"wp-caption-text\">Zuk\u00fcnftiges Geotechniklabor<\/figcaption><\/figure>\n<figure style=\"width: 525px\" class=\"wp-caption alignleft\"><img decoding=\"async\" class=\"wp-image-1433 size-large lazyload\" data-src=\"https:\/\/mz-bau.zaft-dresden.de\/wp-content\/uploads\/2022\/07\/9_IMG_7620-1024x768.png\" alt=\"\" width=\"525\" height=\"394\" data-srcset=\"https:\/\/mz-bau.zaft-dresden.de\/wp-content\/uploads\/2022\/07\/9_IMG_7620-1024x768.png 1024w, https:\/\/mz-bau.zaft-dresden.de\/wp-content\/uploads\/2022\/07\/9_IMG_7620-300x225.png 300w, https:\/\/mz-bau.zaft-dresden.de\/wp-content\/uploads\/2022\/07\/9_IMG_7620-768x576.png 768w, https:\/\/mz-bau.zaft-dresden.de\/wp-content\/uploads\/2022\/07\/9_IMG_7620.png 1100w\" data-sizes=\"(max-width: 525px) 100vw, 525px\" src=\"data:image\/gif;base64,R0lGODlhAQABAAAAACH5BAEKAAEALAAAAAABAAEAAAICTAEAOw==\" style=\"--smush-placeholder-width: 525px; --smush-placeholder-aspect-ratio: 525\/394;\" \/><figcaption class=\"wp-caption-text\">Erkl\u00e4rung eines 3D-Planes zur schnelleren und nachhaltigeren Bauplanung.<\/figcaption><\/figure>\n<p>&nbsp;<\/p>\n<\/div>\n<figure style=\"width: 525px\" class=\"wp-caption alignleft\"><img decoding=\"async\" class=\"wp-image-1432 size-large lazyload\" data-src=\"https:\/\/mz-bau.zaft-dresden.de\/wp-content\/uploads\/2022\/07\/7_IMG_7609-1024x768.png\" alt=\"\" width=\"525\" height=\"394\" data-srcset=\"https:\/\/mz-bau.zaft-dresden.de\/wp-content\/uploads\/2022\/07\/7_IMG_7609-1024x768.png 1024w, https:\/\/mz-bau.zaft-dresden.de\/wp-content\/uploads\/2022\/07\/7_IMG_7609-300x225.png 300w, https:\/\/mz-bau.zaft-dresden.de\/wp-content\/uploads\/2022\/07\/7_IMG_7609-768x576.png 768w, https:\/\/mz-bau.zaft-dresden.de\/wp-content\/uploads\/2022\/07\/7_IMG_7609.png 1100w\" data-sizes=\"(max-width: 525px) 100vw, 525px\" src=\"data:image\/gif;base64,R0lGODlhAQABAAAAACH5BAEKAAEALAAAAAABAAEAAAICTAEAOw==\" style=\"--smush-placeholder-width: 525px; --smush-placeholder-aspect-ratio: 525\/394;\" \/><figcaption class=\"wp-caption-text\">Die Wandgestaltung ist bereits abgeschlossen, die Decke wird demn\u00e4chst abgehangen.<\/figcaption><\/figure>\n<p>&nbsp;<\/p>\n<\/div>\n<figure id=\"attachment_1438\" aria-describedby=\"caption-attachment-1438\" style=\"width: 300px\" class=\"wp-caption alignnone\"><img decoding=\"async\" class=\"wp-image-1438 size-medium lazyload\" data-src=\"https:\/\/mz-bau.zaft-dresden.de\/wp-content\/uploads\/2022\/07\/10_IMG_7642_2-300x244.png\" alt=\"\" width=\"300\" height=\"244\" data-srcset=\"https:\/\/mz-bau.zaft-dresden.de\/wp-content\/uploads\/2022\/07\/10_IMG_7642_2-300x244.png 300w, https:\/\/mz-bau.zaft-dresden.de\/wp-content\/uploads\/2022\/07\/10_IMG_7642_2-768x625.png 768w, https:\/\/mz-bau.zaft-dresden.de\/wp-content\/uploads\/2022\/07\/10_IMG_7642_2.png 900w\" data-sizes=\"(max-width: 300px) 100vw, 300px\" src=\"data:image\/gif;base64,R0lGODlhAQABAAAAACH5BAEKAAEALAAAAAABAAEAAAICTAEAOw==\" style=\"--smush-placeholder-width: 300px; --smush-placeholder-aspect-ratio: 300\/244;\" \/><figcaption id=\"caption-attachment-1438\" class=\"wp-caption-text\">Die Klasse 11 beginnt im Schuljahr 2022\/23 mit dem Leistungskurs &#8222;Bautechnik&#8220;.<\/figcaption><\/figure>\n<p>&nbsp;<\/p>\n","protected":false},"excerpt":{"rendered":"<p>Durch unsere Kooperation mit dem Berufsschulzentrum Mei\u00dfen-Radebeul unterst\u00fctzen wir das technische Profil mit der Organisation von Veranstaltungen mit Bezug zum Bauen.<\/p>\n","protected":false},"author":1,"featured_media":1425,"comment_status":"closed","ping_status":"open","sticky":false,"template":"","format":"standard","meta":{"footnotes":""},"categories":[1,25,10,5,4],"tags":[],"yoast_head":"<!-- This site is optimized with the Yoast SEO plugin v22.7 - https:\/\/yoast.com\/wordpress\/plugins\/seo\/ -->\n<title>Profilierung - die Sch\u00fcler des BSZ Mei\u00dfen-Radebeul unterwegs auf Dresdener Baustellen - MZ Bau<\/title>\n<meta name=\"robots\" content=\"index, follow, max-snippet:-1, max-image-preview:large, max-video-preview:-1\" \/>\n<link rel=\"canonical\" href=\"https:\/\/mz-bau.zaft-dresden.de\/index.php\/2022\/07\/05\/profilierung-die-schueler-de-bsz-meissen-radebeul-unterwegs-auf-dresdener-baustellen\/\" \/>\n<meta property=\"og:locale\" content=\"de_DE\" \/>\n<meta property=\"og:type\" content=\"article\" \/>\n<meta property=\"og:title\" content=\"Profilierung - die Sch\u00fcler des BSZ Mei\u00dfen-Radebeul unterwegs auf Dresdener Baustellen - MZ Bau\" \/>\n<meta property=\"og:description\" content=\"Durch unsere Kooperation mit dem Berufsschulzentrum Mei\u00dfen-Radebeul unterst\u00fctzen wir das technische Profil mit der Organisation von Veranstaltungen mit Bezug zum Bauen.\" \/>\n<meta property=\"og:url\" content=\"https:\/\/mz-bau.zaft-dresden.de\/index.php\/2022\/07\/05\/profilierung-die-schueler-de-bsz-meissen-radebeul-unterwegs-auf-dresdener-baustellen\/\" \/>\n<meta property=\"og:site_name\" content=\"MZ Bau\" \/>\n<meta property=\"article:published_time\" content=\"2022-07-05T12:18:15+00:00\" \/>\n<meta property=\"article:modified_time\" content=\"2023-12-29T18:57:53+00:00\" \/>\n<meta property=\"og:image\" content=\"https:\/\/mz-bau.zaft-dresden.de\/wp-content\/uploads\/2022\/07\/220704_vb_BSZmei.gif\" \/>\n\t<meta property=\"og:image:width\" content=\"1079\" \/>\n\t<meta property=\"og:image:height\" content=\"300\" \/>\n\t<meta property=\"og:image:type\" content=\"image\/gif\" \/>\n<meta name=\"author\" content=\"Anna K.\" \/>\n<meta name=\"twitter:card\" content=\"summary_large_image\" \/>\n<meta name=\"twitter:label1\" content=\"Verfasst von\" \/>\n\t<meta name=\"twitter:data1\" content=\"Anna K.\" \/>\n\t<meta name=\"twitter:label2\" content=\"Gesch\u00e4tzte Lesezeit\" \/>\n\t<meta name=\"twitter:data2\" content=\"1\u00a0Minute\" \/>\n<script type=\"application\/ld+json\" class=\"yoast-schema-graph\">{\"@context\":\"https:\/\/schema.org\",\"@graph\":[{\"@type\":\"Article\",\"@id\":\"https:\/\/mz-bau.zaft-dresden.de\/index.php\/2022\/07\/05\/profilierung-die-schueler-de-bsz-meissen-radebeul-unterwegs-auf-dresdener-baustellen\/#article\",\"isPartOf\":{\"@id\":\"https:\/\/mz-bau.zaft-dresden.de\/index.php\/2022\/07\/05\/profilierung-die-schueler-de-bsz-meissen-radebeul-unterwegs-auf-dresdener-baustellen\/\"},\"author\":{\"name\":\"Anna K.\",\"@id\":\"https:\/\/mz-bau.zaft-dresden.de\/#\/schema\/person\/5f41eb0ab7da7b6eca71848df1e9b433\"},\"headline\":\"Profilierung &#8211; die Sch\u00fcler des BSZ Mei\u00dfen-Radebeul unterwegs auf Dresdener Baustellen\",\"datePublished\":\"2022-07-05T12:18:15+00:00\",\"dateModified\":\"2023-12-29T18:57:53+00:00\",\"mainEntityOfPage\":{\"@id\":\"https:\/\/mz-bau.zaft-dresden.de\/index.php\/2022\/07\/05\/profilierung-die-schueler-de-bsz-meissen-radebeul-unterwegs-auf-dresdener-baustellen\/\"},\"wordCount\":223,\"publisher\":{\"@id\":\"https:\/\/mz-bau.zaft-dresden.de\/#organization\"},\"image\":{\"@id\":\"https:\/\/mz-bau.zaft-dresden.de\/index.php\/2022\/07\/05\/profilierung-die-schueler-de-bsz-meissen-radebeul-unterwegs-auf-dresdener-baustellen\/#primaryimage\"},\"thumbnailUrl\":\"https:\/\/mz-bau.zaft-dresden.de\/wp-content\/uploads\/2022\/07\/220704_vb_BSZmei.gif\",\"articleSection\":{\"1\":\"Nachwuchsgewinnung\",\"2\":\"Partner\",\"3\":\"Sch\u00fcler\",\"4\":\"Sonstiges\"},\"inLanguage\":\"de\"},{\"@type\":\"WebPage\",\"@id\":\"https:\/\/mz-bau.zaft-dresden.de\/index.php\/2022\/07\/05\/profilierung-die-schueler-de-bsz-meissen-radebeul-unterwegs-auf-dresdener-baustellen\/\",\"url\":\"https:\/\/mz-bau.zaft-dresden.de\/index.php\/2022\/07\/05\/profilierung-die-schueler-de-bsz-meissen-radebeul-unterwegs-auf-dresdener-baustellen\/\",\"name\":\"Profilierung - die Sch\u00fcler des BSZ Mei\u00dfen-Radebeul unterwegs auf Dresdener Baustellen - MZ Bau\",\"isPartOf\":{\"@id\":\"https:\/\/mz-bau.zaft-dresden.de\/#website\"},\"primaryImageOfPage\":{\"@id\":\"https:\/\/mz-bau.zaft-dresden.de\/index.php\/2022\/07\/05\/profilierung-die-schueler-de-bsz-meissen-radebeul-unterwegs-auf-dresdener-baustellen\/#primaryimage\"},\"image\":{\"@id\":\"https:\/\/mz-bau.zaft-dresden.de\/index.php\/2022\/07\/05\/profilierung-die-schueler-de-bsz-meissen-radebeul-unterwegs-auf-dresdener-baustellen\/#primaryimage\"},\"thumbnailUrl\":\"https:\/\/mz-bau.zaft-dresden.de\/wp-content\/uploads\/2022\/07\/220704_vb_BSZmei.gif\",\"datePublished\":\"2022-07-05T12:18:15+00:00\",\"dateModified\":\"2023-12-29T18:57:53+00:00\",\"breadcrumb\":{\"@id\":\"https:\/\/mz-bau.zaft-dresden.de\/index.php\/2022\/07\/05\/profilierung-die-schueler-de-bsz-meissen-radebeul-unterwegs-auf-dresdener-baustellen\/#breadcrumb\"},\"inLanguage\":\"de\",\"potentialAction\":[{\"@type\":\"ReadAction\",\"target\":[\"https:\/\/mz-bau.zaft-dresden.de\/index.php\/2022\/07\/05\/profilierung-die-schueler-de-bsz-meissen-radebeul-unterwegs-auf-dresdener-baustellen\/\"]}]},{\"@type\":\"ImageObject\",\"inLanguage\":\"de\",\"@id\":\"https:\/\/mz-bau.zaft-dresden.de\/index.php\/2022\/07\/05\/profilierung-die-schueler-de-bsz-meissen-radebeul-unterwegs-auf-dresdener-baustellen\/#primaryimage\",\"url\":\"https:\/\/mz-bau.zaft-dresden.de\/wp-content\/uploads\/2022\/07\/220704_vb_BSZmei.gif\",\"contentUrl\":\"https:\/\/mz-bau.zaft-dresden.de\/wp-content\/uploads\/2022\/07\/220704_vb_BSZmei.gif\",\"width\":1079,\"height\":300},{\"@type\":\"BreadcrumbList\",\"@id\":\"https:\/\/mz-bau.zaft-dresden.de\/index.php\/2022\/07\/05\/profilierung-die-schueler-de-bsz-meissen-radebeul-unterwegs-auf-dresdener-baustellen\/#breadcrumb\",\"itemListElement\":[{\"@type\":\"ListItem\",\"position\":1,\"name\":\"Startseite\",\"item\":\"https:\/\/mz-bau.zaft-dresden.de\/\"},{\"@type\":\"ListItem\",\"position\":2,\"name\":\"Profilierung &#8211; die Sch\u00fcler des BSZ Mei\u00dfen-Radebeul unterwegs auf Dresdener Baustellen\"}]},{\"@type\":\"WebSite\",\"@id\":\"https:\/\/mz-bau.zaft-dresden.de\/#website\",\"url\":\"https:\/\/mz-bau.zaft-dresden.de\/\",\"name\":\"MSZ Bau\",\"description\":\"Mittelstandszentrum Bau Sachsen\",\"publisher\":{\"@id\":\"https:\/\/mz-bau.zaft-dresden.de\/#organization\"},\"potentialAction\":[{\"@type\":\"SearchAction\",\"target\":{\"@type\":\"EntryPoint\",\"urlTemplate\":\"https:\/\/mz-bau.zaft-dresden.de\/?s={search_term_string}\"},\"query-input\":\"required name=search_term_string\"}],\"inLanguage\":\"de\"},{\"@type\":\"Organization\",\"@id\":\"https:\/\/mz-bau.zaft-dresden.de\/#organization\",\"name\":\"Mittelstrandszentrum Bau\",\"url\":\"https:\/\/mz-bau.zaft-dresden.de\/\",\"logo\":{\"@type\":\"ImageObject\",\"inLanguage\":\"de\",\"@id\":\"https:\/\/mz-bau.zaft-dresden.de\/#\/schema\/logo\/image\/\",\"url\":\"https:\/\/msz-bau.zaft-dresden.de\/wp-content\/uploads\/2019\/07\/19-06-28-13-51-06-8614.jpg\",\"contentUrl\":\"https:\/\/msz-bau.zaft-dresden.de\/wp-content\/uploads\/2019\/07\/19-06-28-13-51-06-8614.jpg\",\"width\":3264,\"height\":2448,\"caption\":\"Mittelstrandszentrum Bau\"},\"image\":{\"@id\":\"https:\/\/mz-bau.zaft-dresden.de\/#\/schema\/logo\/image\/\"}},{\"@type\":\"Person\",\"@id\":\"https:\/\/mz-bau.zaft-dresden.de\/#\/schema\/person\/5f41eb0ab7da7b6eca71848df1e9b433\",\"name\":\"Anna K.\",\"image\":{\"@type\":\"ImageObject\",\"inLanguage\":\"de\",\"@id\":\"https:\/\/mz-bau.zaft-dresden.de\/#\/schema\/person\/image\/\",\"url\":\"https:\/\/secure.gravatar.com\/avatar\/641a92727e94c31d15735eece3880796?s=96&d=mm&r=g\",\"contentUrl\":\"https:\/\/secure.gravatar.com\/avatar\/641a92727e94c31d15735eece3880796?s=96&d=mm&r=g\",\"caption\":\"Anna K.\"}}]}<\/script>\n<!-- \/ Yoast SEO plugin. -->","yoast_head_json":{"title":"Profilierung - die Sch\u00fcler des BSZ Mei\u00dfen-Radebeul unterwegs auf Dresdener Baustellen - MZ Bau","robots":{"index":"index","follow":"follow","max-snippet":"max-snippet:-1","max-image-preview":"max-image-preview:large","max-video-preview":"max-video-preview:-1"},"canonical":"https:\/\/mz-bau.zaft-dresden.de\/index.php\/2022\/07\/05\/profilierung-die-schueler-de-bsz-meissen-radebeul-unterwegs-auf-dresdener-baustellen\/","og_locale":"de_DE","og_type":"article","og_title":"Profilierung - die Sch\u00fcler des BSZ Mei\u00dfen-Radebeul unterwegs auf Dresdener Baustellen - MZ Bau","og_description":"Durch unsere Kooperation mit dem Berufsschulzentrum Mei\u00dfen-Radebeul unterst\u00fctzen wir das technische Profil mit der Organisation von Veranstaltungen mit Bezug zum Bauen.","og_url":"https:\/\/mz-bau.zaft-dresden.de\/index.php\/2022\/07\/05\/profilierung-die-schueler-de-bsz-meissen-radebeul-unterwegs-auf-dresdener-baustellen\/","og_site_name":"MZ Bau","article_published_time":"2022-07-05T12:18:15+00:00","article_modified_time":"2023-12-29T18:57:53+00:00","og_image":[{"width":1079,"height":300,"url":"https:\/\/mz-bau.zaft-dresden.de\/wp-content\/uploads\/2022\/07\/220704_vb_BSZmei.gif","type":"image\/gif"}],"author":"Anna K.","twitter_card":"summary_large_image","twitter_misc":{"Verfasst von":"Anna K.","Gesch\u00e4tzte Lesezeit":"1\u00a0Minute"},"schema":{"@context":"https:\/\/schema.org","@graph":[{"@type":"Article","@id":"https:\/\/mz-bau.zaft-dresden.de\/index.php\/2022\/07\/05\/profilierung-die-schueler-de-bsz-meissen-radebeul-unterwegs-auf-dresdener-baustellen\/#article","isPartOf":{"@id":"https:\/\/mz-bau.zaft-dresden.de\/index.php\/2022\/07\/05\/profilierung-die-schueler-de-bsz-meissen-radebeul-unterwegs-auf-dresdener-baustellen\/"},"author":{"name":"Anna K.","@id":"https:\/\/mz-bau.zaft-dresden.de\/#\/schema\/person\/5f41eb0ab7da7b6eca71848df1e9b433"},"headline":"Profilierung &#8211; die Sch\u00fcler des BSZ Mei\u00dfen-Radebeul unterwegs auf Dresdener Baustellen","datePublished":"2022-07-05T12:18:15+00:00","dateModified":"2023-12-29T18:57:53+00:00","mainEntityOfPage":{"@id":"https:\/\/mz-bau.zaft-dresden.de\/index.php\/2022\/07\/05\/profilierung-die-schueler-de-bsz-meissen-radebeul-unterwegs-auf-dresdener-baustellen\/"},"wordCount":223,"publisher":{"@id":"https:\/\/mz-bau.zaft-dresden.de\/#organization"},"image":{"@id":"https:\/\/mz-bau.zaft-dresden.de\/index.php\/2022\/07\/05\/profilierung-die-schueler-de-bsz-meissen-radebeul-unterwegs-auf-dresdener-baustellen\/#primaryimage"},"thumbnailUrl":"https:\/\/mz-bau.zaft-dresden.de\/wp-content\/uploads\/2022\/07\/220704_vb_BSZmei.gif","articleSection":{"1":"Nachwuchsgewinnung","2":"Partner","3":"Sch\u00fcler","4":"Sonstiges"},"inLanguage":"de"},{"@type":"WebPage","@id":"https:\/\/mz-bau.zaft-dresden.de\/index.php\/2022\/07\/05\/profilierung-die-schueler-de-bsz-meissen-radebeul-unterwegs-auf-dresdener-baustellen\/","url":"https:\/\/mz-bau.zaft-dresden.de\/index.php\/2022\/07\/05\/profilierung-die-schueler-de-bsz-meissen-radebeul-unterwegs-auf-dresdener-baustellen\/","name":"Profilierung - die Sch\u00fcler des BSZ Mei\u00dfen-Radebeul unterwegs auf Dresdener Baustellen - MZ Bau","isPartOf":{"@id":"https:\/\/mz-bau.zaft-dresden.de\/#website"},"primaryImageOfPage":{"@id":"https:\/\/mz-bau.zaft-dresden.de\/index.php\/2022\/07\/05\/profilierung-die-schueler-de-bsz-meissen-radebeul-unterwegs-auf-dresdener-baustellen\/#primaryimage"},"image":{"@id":"https:\/\/mz-bau.zaft-dresden.de\/index.php\/2022\/07\/05\/profilierung-die-schueler-de-bsz-meissen-radebeul-unterwegs-auf-dresdener-baustellen\/#primaryimage"},"thumbnailUrl":"https:\/\/mz-bau.zaft-dresden.de\/wp-content\/uploads\/2022\/07\/220704_vb_BSZmei.gif","datePublished":"2022-07-05T12:18:15+00:00","dateModified":"2023-12-29T18:57:53+00:00","breadcrumb":{"@id":"https:\/\/mz-bau.zaft-dresden.de\/index.php\/2022\/07\/05\/profilierung-die-schueler-de-bsz-meissen-radebeul-unterwegs-auf-dresdener-baustellen\/#breadcrumb"},"inLanguage":"de","potentialAction":[{"@type":"ReadAction","target":["https:\/\/mz-bau.zaft-dresden.de\/index.php\/2022\/07\/05\/profilierung-die-schueler-de-bsz-meissen-radebeul-unterwegs-auf-dresdener-baustellen\/"]}]},{"@type":"ImageObject","inLanguage":"de","@id":"https:\/\/mz-bau.zaft-dresden.de\/index.php\/2022\/07\/05\/profilierung-die-schueler-de-bsz-meissen-radebeul-unterwegs-auf-dresdener-baustellen\/#primaryimage","url":"https:\/\/mz-bau.zaft-dresden.de\/wp-content\/uploads\/2022\/07\/220704_vb_BSZmei.gif","contentUrl":"https:\/\/mz-bau.zaft-dresden.de\/wp-content\/uploads\/2022\/07\/220704_vb_BSZmei.gif","width":1079,"height":300},{"@type":"BreadcrumbList","@id":"https:\/\/mz-bau.zaft-dresden.de\/index.php\/2022\/07\/05\/profilierung-die-schueler-de-bsz-meissen-radebeul-unterwegs-auf-dresdener-baustellen\/#breadcrumb","itemListElement":[{"@type":"ListItem","position":1,"name":"Startseite","item":"https:\/\/mz-bau.zaft-dresden.de\/"},{"@type":"ListItem","position":2,"name":"Profilierung &#8211; die Sch\u00fcler des BSZ Mei\u00dfen-Radebeul unterwegs auf Dresdener Baustellen"}]},{"@type":"WebSite","@id":"https:\/\/mz-bau.zaft-dresden.de\/#website","url":"https:\/\/mz-bau.zaft-dresden.de\/","name":"MSZ Bau","description":"Mittelstandszentrum Bau Sachsen","publisher":{"@id":"https:\/\/mz-bau.zaft-dresden.de\/#organization"},"potentialAction":[{"@type":"SearchAction","target":{"@type":"EntryPoint","urlTemplate":"https:\/\/mz-bau.zaft-dresden.de\/?s={search_term_string}"},"query-input":"required name=search_term_string"}],"inLanguage":"de"},{"@type":"Organization","@id":"https:\/\/mz-bau.zaft-dresden.de\/#organization","name":"Mittelstrandszentrum Bau","url":"https:\/\/mz-bau.zaft-dresden.de\/","logo":{"@type":"ImageObject","inLanguage":"de","@id":"https:\/\/mz-bau.zaft-dresden.de\/#\/schema\/logo\/image\/","url":"https:\/\/msz-bau.zaft-dresden.de\/wp-content\/uploads\/2019\/07\/19-06-28-13-51-06-8614.jpg","contentUrl":"https:\/\/msz-bau.zaft-dresden.de\/wp-content\/uploads\/2019\/07\/19-06-28-13-51-06-8614.jpg","width":3264,"height":2448,"caption":"Mittelstrandszentrum Bau"},"image":{"@id":"https:\/\/mz-bau.zaft-dresden.de\/#\/schema\/logo\/image\/"}},{"@type":"Person","@id":"https:\/\/mz-bau.zaft-dresden.de\/#\/schema\/person\/5f41eb0ab7da7b6eca71848df1e9b433","name":"Anna K.","image":{"@type":"ImageObject","inLanguage":"de","@id":"https:\/\/mz-bau.zaft-dresden.de\/#\/schema\/person\/image\/","url":"https:\/\/secure.gravatar.com\/avatar\/641a92727e94c31d15735eece3880796?s=96&d=mm&r=g","contentUrl":"https:\/\/secure.gravatar.com\/avatar\/641a92727e94c31d15735eece3880796?s=96&d=mm&r=g","caption":"Anna K."}}]}},"_links":{"self":[{"href":"https:\/\/mz-bau.zaft-dresden.de\/index.php\/wp-json\/wp\/v2\/posts\/1423"}],"collection":[{"href":"https:\/\/mz-bau.zaft-dresden.de\/index.php\/wp-json\/wp\/v2\/posts"}],"about":[{"href":"https:\/\/mz-bau.zaft-dresden.de\/index.php\/wp-json\/wp\/v2\/types\/post"}],"author":[{"embeddable":true,"href":"https:\/\/mz-bau.zaft-dresden.de\/index.php\/wp-json\/wp\/v2\/users\/1"}],"replies":[{"embeddable":true,"href":"https:\/\/mz-bau.zaft-dresden.de\/index.php\/wp-json\/wp\/v2\/comments?post=1423"}],"version-history":[{"count":5,"href":"https:\/\/mz-bau.zaft-dresden.de\/index.php\/wp-json\/wp\/v2\/posts\/1423\/revisions"}],"predecessor-version":[{"id":1426,"href":"https:\/\/mz-bau.zaft-dresden.de\/index.php\/wp-json\/wp\/v2\/posts\/1423\/revisions\/1426"}],"wp:featuredmedia":[{"embeddable":true,"href":"https:\/\/mz-bau.zaft-dresden.de\/index.php\/wp-json\/wp\/v2\/media\/1425"}],"wp:attachment":[{"href":"https:\/\/mz-bau.zaft-dresden.de\/index.php\/wp-json\/wp\/v2\/media?parent=1423"}],"wp:term":[{"taxonomy":"category","embeddable":true,"href":"https:\/\/mz-bau.zaft-dresden.de\/index.php\/wp-json\/wp\/v2\/categories?post=1423"},{"taxonomy":"post_tag","embeddable":true,"href":"https:\/\/mz-bau.zaft-dresden.de\/index.php\/wp-json\/wp\/v2\/tags?post=1423"}],"curies":[{"name":"wp","href":"https:\/\/api.w.org\/{rel}","templated":true}]}}