{"id":1312,"date":"2022-03-16T14:18:34","date_gmt":"2022-03-16T13:18:34","guid":{"rendered":"https:\/\/mz-bau.zaft-dresden.de\/?p=1312"},"modified":"2023-12-29T19:57:55","modified_gmt":"2023-12-29T18:57:55","slug":"ankuendigung-8-mittelstandstreffen-bau-am-29-03-2022","status":"publish","type":"post","link":"https:\/\/mz-bau.zaft-dresden.de\/index.php\/2022\/03\/16\/ankuendigung-8-mittelstandstreffen-bau-am-29-03-2022\/","title":{"rendered":"8. Mittelstandstreffen Bau am 29.03.2022"},"content":{"rendered":"<p>Zum 8. Mal trafen sich die Mitglieder, Partner und Unterst\u00fctzer des Mittelstandzentrums Bau Sachsen zum Austausch und zur Planung gemeinsamer Erfolgsprojekte.<!--more--><\/p>\n<p>Am Dienstag, dem 29.03.2022, gab es in den R\u00e4umen der Hochschule f\u00fcr Technik und Wirtschaft f\u00fcr alle Partner des Mittelstandszentrums Bau Sachsen ein Update zu den Entwicklungen des vergangenen halben Jahres. Zwei G\u00e4ste wurden dieses Mal wieder eingeladen: Frau Michaela Ungeth\u00fcm von der Bundesagentur f\u00fcr Arbeit Sachsen und Frau Tanja Sonntag, die den Career Service der HTW Dresden leitet.<\/p>\n<p>Die Tagesordnungspunkte waren:<\/p>\n<ol>\n<li>Pr\u00e4sentation zur Arbeitsmarktentwicklung und Mitarbeiterf\u00f6rderung<br \/>\n<em>Michaela Ungeth\u00fcm, Regionaldirektion Sachsen der Bundesagentur f\u00fcr Arbeit<\/em><\/li>\n<li>\u00dcbersicht Finanzen<\/li>\n<li>Schulaktivit\u00e4ten<br \/>\na. \u00dcbersicht der aktuellen Schulangebote<br \/>\nb. Vorstellung und Planung zuk\u00fcnftiger Schulaktivit\u00e4ten<\/li>\n<li>Vorstellung des Career Service der HTW Dresden<br \/>\n<em>Tanja Sonntag, Career Service, HTW Dresden<\/em><\/li>\n<\/ol>\n<p>Wir freuten uns \u00fcber die rege Beteiligung und den lebhaften Austausch.<\/p>\n<p>Das n\u00e4chste Mittelstandstreffen findet am 11.10.2022 statt.<\/p>\n","protected":false},"excerpt":{"rendered":"<p>Zum 8. Mal trafen sich die Mitglieder, Partner und Unterst\u00fctzer des Mittelstandzentrums Bau Sachsen zum Austausch und zur Planung gemeinsamer Erfolgsprojekte.<\/p>\n","protected":false},"author":1,"featured_media":1323,"comment_status":"closed","ping_status":"open","sticky":false,"template":"","format":"aside","meta":{"footnotes":""},"categories":[7,10],"tags":[],"yoast_head":"<!-- This site is optimized with the Yoast SEO plugin v22.7 - https:\/\/yoast.com\/wordpress\/plugins\/seo\/ -->\n<title>8. Mittelstandstreffen Bau am 29.03.2022 - MZ Bau<\/title>\n<meta name=\"robots\" content=\"index, follow, max-snippet:-1, max-image-preview:large, max-video-preview:-1\" \/>\n<link rel=\"canonical\" href=\"https:\/\/mz-bau.zaft-dresden.de\/index.php\/2022\/03\/16\/ankuendigung-8-mittelstandstreffen-bau-am-29-03-2022\/\" \/>\n<meta property=\"og:locale\" content=\"de_DE\" \/>\n<meta property=\"og:type\" content=\"article\" \/>\n<meta property=\"og:title\" content=\"8. Mittelstandstreffen Bau am 29.03.2022 - MZ Bau\" \/>\n<meta property=\"og:description\" content=\"Zum 8. Mal trafen sich die Mitglieder, Partner und Unterst\u00fctzer des Mittelstandzentrums Bau Sachsen zum Austausch und zur Planung gemeinsamer Erfolgsprojekte.\" \/>\n<meta property=\"og:url\" content=\"https:\/\/mz-bau.zaft-dresden.de\/index.php\/2022\/03\/16\/ankuendigung-8-mittelstandstreffen-bau-am-29-03-2022\/\" \/>\n<meta property=\"og:site_name\" content=\"MZ Bau\" \/>\n<meta property=\"article:published_time\" content=\"2022-03-16T13:18:34+00:00\" \/>\n<meta property=\"article:modified_time\" content=\"2023-12-29T18:57:55+00:00\" \/>\n<meta property=\"og:image\" content=\"https:\/\/mz-bau.zaft-dresden.de\/wp-content\/uploads\/2022\/03\/220329_i_mzb_vb.png\" \/>\n\t<meta property=\"og:image:width\" content=\"1079\" \/>\n\t<meta property=\"og:image:height\" content=\"400\" \/>\n\t<meta property=\"og:image:type\" content=\"image\/png\" \/>\n<meta name=\"author\" content=\"Anna K.\" \/>\n<meta name=\"twitter:card\" content=\"summary_large_image\" \/>\n<meta name=\"twitter:label1\" content=\"Verfasst von\" \/>\n\t<meta name=\"twitter:data1\" content=\"Anna K.\" \/>\n\t<meta name=\"twitter:label2\" content=\"Gesch\u00e4tzte Lesezeit\" \/>\n\t<meta name=\"twitter:data2\" content=\"1\u00a0Minute\" \/>\n<script type=\"application\/ld+json\" class=\"yoast-schema-graph\">{\"@context\":\"https:\/\/schema.org\",\"@graph\":[{\"@type\":\"Article\",\"@id\":\"https:\/\/mz-bau.zaft-dresden.de\/index.php\/2022\/03\/16\/ankuendigung-8-mittelstandstreffen-bau-am-29-03-2022\/#article\",\"isPartOf\":{\"@id\":\"https:\/\/mz-bau.zaft-dresden.de\/index.php\/2022\/03\/16\/ankuendigung-8-mittelstandstreffen-bau-am-29-03-2022\/\"},\"author\":{\"name\":\"Anna K.\",\"@id\":\"https:\/\/mz-bau.zaft-dresden.de\/#\/schema\/person\/5f41eb0ab7da7b6eca71848df1e9b433\"},\"headline\":\"8. Mittelstandstreffen Bau am 29.03.2022\",\"datePublished\":\"2022-03-16T13:18:34+00:00\",\"dateModified\":\"2023-12-29T18:57:55+00:00\",\"mainEntityOfPage\":{\"@id\":\"https:\/\/mz-bau.zaft-dresden.de\/index.php\/2022\/03\/16\/ankuendigung-8-mittelstandstreffen-bau-am-29-03-2022\/\"},\"wordCount\":156,\"publisher\":{\"@id\":\"https:\/\/mz-bau.zaft-dresden.de\/#organization\"},\"image\":{\"@id\":\"https:\/\/mz-bau.zaft-dresden.de\/index.php\/2022\/03\/16\/ankuendigung-8-mittelstandstreffen-bau-am-29-03-2022\/#primaryimage\"},\"thumbnailUrl\":\"https:\/\/mz-bau.zaft-dresden.de\/wp-content\/uploads\/2022\/03\/220329_i_mzb_vb.png\",\"articleSection\":[\"Mittelstandstreff Bau\",\"Partner\"],\"inLanguage\":\"de\"},{\"@type\":\"WebPage\",\"@id\":\"https:\/\/mz-bau.zaft-dresden.de\/index.php\/2022\/03\/16\/ankuendigung-8-mittelstandstreffen-bau-am-29-03-2022\/\",\"url\":\"https:\/\/mz-bau.zaft-dresden.de\/index.php\/2022\/03\/16\/ankuendigung-8-mittelstandstreffen-bau-am-29-03-2022\/\",\"name\":\"8. Mittelstandstreffen Bau am 29.03.2022 - MZ Bau\",\"isPartOf\":{\"@id\":\"https:\/\/mz-bau.zaft-dresden.de\/#website\"},\"primaryImageOfPage\":{\"@id\":\"https:\/\/mz-bau.zaft-dresden.de\/index.php\/2022\/03\/16\/ankuendigung-8-mittelstandstreffen-bau-am-29-03-2022\/#primaryimage\"},\"image\":{\"@id\":\"https:\/\/mz-bau.zaft-dresden.de\/index.php\/2022\/03\/16\/ankuendigung-8-mittelstandstreffen-bau-am-29-03-2022\/#primaryimage\"},\"thumbnailUrl\":\"https:\/\/mz-bau.zaft-dresden.de\/wp-content\/uploads\/2022\/03\/220329_i_mzb_vb.png\",\"datePublished\":\"2022-03-16T13:18:34+00:00\",\"dateModified\":\"2023-12-29T18:57:55+00:00\",\"breadcrumb\":{\"@id\":\"https:\/\/mz-bau.zaft-dresden.de\/index.php\/2022\/03\/16\/ankuendigung-8-mittelstandstreffen-bau-am-29-03-2022\/#breadcrumb\"},\"inLanguage\":\"de\",\"potentialAction\":[{\"@type\":\"ReadAction\",\"target\":[\"https:\/\/mz-bau.zaft-dresden.de\/index.php\/2022\/03\/16\/ankuendigung-8-mittelstandstreffen-bau-am-29-03-2022\/\"]}]},{\"@type\":\"ImageObject\",\"inLanguage\":\"de\",\"@id\":\"https:\/\/mz-bau.zaft-dresden.de\/index.php\/2022\/03\/16\/ankuendigung-8-mittelstandstreffen-bau-am-29-03-2022\/#primaryimage\",\"url\":\"https:\/\/mz-bau.zaft-dresden.de\/wp-content\/uploads\/2022\/03\/220329_i_mzb_vb.png\",\"contentUrl\":\"https:\/\/mz-bau.zaft-dresden.de\/wp-content\/uploads\/2022\/03\/220329_i_mzb_vb.png\",\"width\":1079,\"height\":400},{\"@type\":\"BreadcrumbList\",\"@id\":\"https:\/\/mz-bau.zaft-dresden.de\/index.php\/2022\/03\/16\/ankuendigung-8-mittelstandstreffen-bau-am-29-03-2022\/#breadcrumb\",\"itemListElement\":[{\"@type\":\"ListItem\",\"position\":1,\"name\":\"Startseite\",\"item\":\"https:\/\/mz-bau.zaft-dresden.de\/\"},{\"@type\":\"ListItem\",\"position\":2,\"name\":\"8. Mittelstandstreffen Bau am 29.03.2022\"}]},{\"@type\":\"WebSite\",\"@id\":\"https:\/\/mz-bau.zaft-dresden.de\/#website\",\"url\":\"https:\/\/mz-bau.zaft-dresden.de\/\",\"name\":\"MSZ Bau\",\"description\":\"Mittelstandszentrum Bau Sachsen\",\"publisher\":{\"@id\":\"https:\/\/mz-bau.zaft-dresden.de\/#organization\"},\"potentialAction\":[{\"@type\":\"SearchAction\",\"target\":{\"@type\":\"EntryPoint\",\"urlTemplate\":\"https:\/\/mz-bau.zaft-dresden.de\/?s={search_term_string}\"},\"query-input\":\"required name=search_term_string\"}],\"inLanguage\":\"de\"},{\"@type\":\"Organization\",\"@id\":\"https:\/\/mz-bau.zaft-dresden.de\/#organization\",\"name\":\"Mittelstrandszentrum Bau\",\"url\":\"https:\/\/mz-bau.zaft-dresden.de\/\",\"logo\":{\"@type\":\"ImageObject\",\"inLanguage\":\"de\",\"@id\":\"https:\/\/mz-bau.zaft-dresden.de\/#\/schema\/logo\/image\/\",\"url\":\"https:\/\/msz-bau.zaft-dresden.de\/wp-content\/uploads\/2019\/07\/19-06-28-13-51-06-8614.jpg\",\"contentUrl\":\"https:\/\/msz-bau.zaft-dresden.de\/wp-content\/uploads\/2019\/07\/19-06-28-13-51-06-8614.jpg\",\"width\":3264,\"height\":2448,\"caption\":\"Mittelstrandszentrum Bau\"},\"image\":{\"@id\":\"https:\/\/mz-bau.zaft-dresden.de\/#\/schema\/logo\/image\/\"}},{\"@type\":\"Person\",\"@id\":\"https:\/\/mz-bau.zaft-dresden.de\/#\/schema\/person\/5f41eb0ab7da7b6eca71848df1e9b433\",\"name\":\"Anna K.\",\"image\":{\"@type\":\"ImageObject\",\"inLanguage\":\"de\",\"@id\":\"https:\/\/mz-bau.zaft-dresden.de\/#\/schema\/person\/image\/\",\"url\":\"https:\/\/secure.gravatar.com\/avatar\/641a92727e94c31d15735eece3880796?s=96&d=mm&r=g\",\"contentUrl\":\"https:\/\/secure.gravatar.com\/avatar\/641a92727e94c31d15735eece3880796?s=96&d=mm&r=g\",\"caption\":\"Anna K.\"}}]}<\/script>\n<!-- \/ Yoast SEO plugin. -->","yoast_head_json":{"title":"8. Mittelstandstreffen Bau am 29.03.2022 - MZ Bau","robots":{"index":"index","follow":"follow","max-snippet":"max-snippet:-1","max-image-preview":"max-image-preview:large","max-video-preview":"max-video-preview:-1"},"canonical":"https:\/\/mz-bau.zaft-dresden.de\/index.php\/2022\/03\/16\/ankuendigung-8-mittelstandstreffen-bau-am-29-03-2022\/","og_locale":"de_DE","og_type":"article","og_title":"8. Mittelstandstreffen Bau am 29.03.2022 - MZ Bau","og_description":"Zum 8. Mal trafen sich die Mitglieder, Partner und Unterst\u00fctzer des Mittelstandzentrums Bau Sachsen zum Austausch und zur Planung gemeinsamer Erfolgsprojekte.","og_url":"https:\/\/mz-bau.zaft-dresden.de\/index.php\/2022\/03\/16\/ankuendigung-8-mittelstandstreffen-bau-am-29-03-2022\/","og_site_name":"MZ Bau","article_published_time":"2022-03-16T13:18:34+00:00","article_modified_time":"2023-12-29T18:57:55+00:00","og_image":[{"width":1079,"height":400,"url":"https:\/\/mz-bau.zaft-dresden.de\/wp-content\/uploads\/2022\/03\/220329_i_mzb_vb.png","type":"image\/png"}],"author":"Anna K.","twitter_card":"summary_large_image","twitter_misc":{"Verfasst von":"Anna K.","Gesch\u00e4tzte Lesezeit":"1\u00a0Minute"},"schema":{"@context":"https:\/\/schema.org","@graph":[{"@type":"Article","@id":"https:\/\/mz-bau.zaft-dresden.de\/index.php\/2022\/03\/16\/ankuendigung-8-mittelstandstreffen-bau-am-29-03-2022\/#article","isPartOf":{"@id":"https:\/\/mz-bau.zaft-dresden.de\/index.php\/2022\/03\/16\/ankuendigung-8-mittelstandstreffen-bau-am-29-03-2022\/"},"author":{"name":"Anna K.","@id":"https:\/\/mz-bau.zaft-dresden.de\/#\/schema\/person\/5f41eb0ab7da7b6eca71848df1e9b433"},"headline":"8. Mittelstandstreffen Bau am 29.03.2022","datePublished":"2022-03-16T13:18:34+00:00","dateModified":"2023-12-29T18:57:55+00:00","mainEntityOfPage":{"@id":"https:\/\/mz-bau.zaft-dresden.de\/index.php\/2022\/03\/16\/ankuendigung-8-mittelstandstreffen-bau-am-29-03-2022\/"},"wordCount":156,"publisher":{"@id":"https:\/\/mz-bau.zaft-dresden.de\/#organization"},"image":{"@id":"https:\/\/mz-bau.zaft-dresden.de\/index.php\/2022\/03\/16\/ankuendigung-8-mittelstandstreffen-bau-am-29-03-2022\/#primaryimage"},"thumbnailUrl":"https:\/\/mz-bau.zaft-dresden.de\/wp-content\/uploads\/2022\/03\/220329_i_mzb_vb.png","articleSection":["Mittelstandstreff Bau","Partner"],"inLanguage":"de"},{"@type":"WebPage","@id":"https:\/\/mz-bau.zaft-dresden.de\/index.php\/2022\/03\/16\/ankuendigung-8-mittelstandstreffen-bau-am-29-03-2022\/","url":"https:\/\/mz-bau.zaft-dresden.de\/index.php\/2022\/03\/16\/ankuendigung-8-mittelstandstreffen-bau-am-29-03-2022\/","name":"8. Mittelstandstreffen Bau am 29.03.2022 - MZ Bau","isPartOf":{"@id":"https:\/\/mz-bau.zaft-dresden.de\/#website"},"primaryImageOfPage":{"@id":"https:\/\/mz-bau.zaft-dresden.de\/index.php\/2022\/03\/16\/ankuendigung-8-mittelstandstreffen-bau-am-29-03-2022\/#primaryimage"},"image":{"@id":"https:\/\/mz-bau.zaft-dresden.de\/index.php\/2022\/03\/16\/ankuendigung-8-mittelstandstreffen-bau-am-29-03-2022\/#primaryimage"},"thumbnailUrl":"https:\/\/mz-bau.zaft-dresden.de\/wp-content\/uploads\/2022\/03\/220329_i_mzb_vb.png","datePublished":"2022-03-16T13:18:34+00:00","dateModified":"2023-12-29T18:57:55+00:00","breadcrumb":{"@id":"https:\/\/mz-bau.zaft-dresden.de\/index.php\/2022\/03\/16\/ankuendigung-8-mittelstandstreffen-bau-am-29-03-2022\/#breadcrumb"},"inLanguage":"de","potentialAction":[{"@type":"ReadAction","target":["https:\/\/mz-bau.zaft-dresden.de\/index.php\/2022\/03\/16\/ankuendigung-8-mittelstandstreffen-bau-am-29-03-2022\/"]}]},{"@type":"ImageObject","inLanguage":"de","@id":"https:\/\/mz-bau.zaft-dresden.de\/index.php\/2022\/03\/16\/ankuendigung-8-mittelstandstreffen-bau-am-29-03-2022\/#primaryimage","url":"https:\/\/mz-bau.zaft-dresden.de\/wp-content\/uploads\/2022\/03\/220329_i_mzb_vb.png","contentUrl":"https:\/\/mz-bau.zaft-dresden.de\/wp-content\/uploads\/2022\/03\/220329_i_mzb_vb.png","width":1079,"height":400},{"@type":"BreadcrumbList","@id":"https:\/\/mz-bau.zaft-dresden.de\/index.php\/2022\/03\/16\/ankuendigung-8-mittelstandstreffen-bau-am-29-03-2022\/#breadcrumb","itemListElement":[{"@type":"ListItem","position":1,"name":"Startseite","item":"https:\/\/mz-bau.zaft-dresden.de\/"},{"@type":"ListItem","position":2,"name":"8. Mittelstandstreffen Bau am 29.03.2022"}]},{"@type":"WebSite","@id":"https:\/\/mz-bau.zaft-dresden.de\/#website","url":"https:\/\/mz-bau.zaft-dresden.de\/","name":"MSZ Bau","description":"Mittelstandszentrum Bau Sachsen","publisher":{"@id":"https:\/\/mz-bau.zaft-dresden.de\/#organization"},"potentialAction":[{"@type":"SearchAction","target":{"@type":"EntryPoint","urlTemplate":"https:\/\/mz-bau.zaft-dresden.de\/?s={search_term_string}"},"query-input":"required name=search_term_string"}],"inLanguage":"de"},{"@type":"Organization","@id":"https:\/\/mz-bau.zaft-dresden.de\/#organization","name":"Mittelstrandszentrum Bau","url":"https:\/\/mz-bau.zaft-dresden.de\/","logo":{"@type":"ImageObject","inLanguage":"de","@id":"https:\/\/mz-bau.zaft-dresden.de\/#\/schema\/logo\/image\/","url":"https:\/\/msz-bau.zaft-dresden.de\/wp-content\/uploads\/2019\/07\/19-06-28-13-51-06-8614.jpg","contentUrl":"https:\/\/msz-bau.zaft-dresden.de\/wp-content\/uploads\/2019\/07\/19-06-28-13-51-06-8614.jpg","width":3264,"height":2448,"caption":"Mittelstrandszentrum Bau"},"image":{"@id":"https:\/\/mz-bau.zaft-dresden.de\/#\/schema\/logo\/image\/"}},{"@type":"Person","@id":"https:\/\/mz-bau.zaft-dresden.de\/#\/schema\/person\/5f41eb0ab7da7b6eca71848df1e9b433","name":"Anna K.","image":{"@type":"ImageObject","inLanguage":"de","@id":"https:\/\/mz-bau.zaft-dresden.de\/#\/schema\/person\/image\/","url":"https:\/\/secure.gravatar.com\/avatar\/641a92727e94c31d15735eece3880796?s=96&d=mm&r=g","contentUrl":"https:\/\/secure.gravatar.com\/avatar\/641a92727e94c31d15735eece3880796?s=96&d=mm&r=g","caption":"Anna K."}}]}},"_links":{"self":[{"href":"https:\/\/mz-bau.zaft-dresden.de\/index.php\/wp-json\/wp\/v2\/posts\/1312"}],"collection":[{"href":"https:\/\/mz-bau.zaft-dresden.de\/index.php\/wp-json\/wp\/v2\/posts"}],"about":[{"href":"https:\/\/mz-bau.zaft-dresden.de\/index.php\/wp-json\/wp\/v2\/types\/post"}],"author":[{"embeddable":true,"href":"https:\/\/mz-bau.zaft-dresden.de\/index.php\/wp-json\/wp\/v2\/users\/1"}],"replies":[{"embeddable":true,"href":"https:\/\/mz-bau.zaft-dresden.de\/index.php\/wp-json\/wp\/v2\/comments?post=1312"}],"version-history":[{"count":3,"href":"https:\/\/mz-bau.zaft-dresden.de\/index.php\/wp-json\/wp\/v2\/posts\/1312\/revisions"}],"predecessor-version":[{"id":1324,"href":"https:\/\/mz-bau.zaft-dresden.de\/index.php\/wp-json\/wp\/v2\/posts\/1312\/revisions\/1324"}],"wp:featuredmedia":[{"embeddable":true,"href":"https:\/\/mz-bau.zaft-dresden.de\/index.php\/wp-json\/wp\/v2\/media\/1323"}],"wp:attachment":[{"href":"https:\/\/mz-bau.zaft-dresden.de\/index.php\/wp-json\/wp\/v2\/media?parent=1312"}],"wp:term":[{"taxonomy":"category","embeddable":true,"href":"https:\/\/mz-bau.zaft-dresden.de\/index.php\/wp-json\/wp\/v2\/categories?post=1312"},{"taxonomy":"post_tag","embeddable":true,"href":"https:\/\/mz-bau.zaft-dresden.de\/index.php\/wp-json\/wp\/v2\/tags?post=1312"}],"curies":[{"name":"wp","href":"https:\/\/api.w.org\/{rel}","templated":true}]}}